{"id":1891,"date":"2016-07-18T12:04:04","date_gmt":"2016-07-18T10:04:04","guid":{"rendered":"http:\/\/www.wallaudio.de\/en\/adam-drazek-ueber-den-opus-33-set\/"},"modified":"2016-07-18T19:17:32","modified_gmt":"2016-07-18T17:17:32","slug":"adam-drazek-about-the-m-33-set","status":"publish","type":"post","link":"https:\/\/www.wallaudio.de\/en\/adam-drazek-about-the-m-33-set\/","title":{"rendered":"Adam Drazek about the M 33 SET"},"content":{"rendered":"<p><a href=\"https:\/\/www.wallaudio.de\/m-33-set\/\">M 33 SET<\/a> mit Leistungsr\u00f6hren Triode 6C33C von Wall Audio<\/p>\n<p>Die High End Messe 2015 in M\u00fcnchen ist mir sehr lebhaft in Erinnerung geblieben. Vor allem das sympathische Team aus Breisgau, Herr Wall mit seinem Sohn, hat einen gro\u00dfartigen Eindruck auf mich gemacht hat. Nachdem ich einen ersten Blick auf ihre Produkte geworfen habe, begann ein langer und informativer Austausch \u00fcber die Endstufen <a href=\"https:\/\/www.wallaudio.de\/m-33-set\/\">M 33 SET<\/a> mit der russischen Leistungsr\u00f6hre 6C33C. Mir wurde zugesprochen, dass ich die Endstufen im Juni 2016 an meine eigene Anlage anschlie\u00dfen d\u00fcrfe und schon meine Vorfreude darauf war unbeschreiblich.<br \/>\nBereits nachdem die ersten T\u00f6ne erklungen sind und ich meine Augen schloss, sa\u00df ich nicht mehr in meinem Wohnzimmer, sondern in einem Life Konzert von Patricia Barber, bei dem sie ihr Album &#8220;Live a Fortnight in France&#8221; pr\u00e4sentierte. Die Endstufen sind au\u00dfergew\u00f6hnlich: Sie bringen ein ganz eigenes Klangideal mit sich, kreieren reale und lebendige Klangbilder und geben die Atmosph\u00e4re des Jazzklubs mit aller Kraft und mit all ihren Konturen wieder. Patricia Barber erschafft gewaltige Kraftbilder mit ihrer dynamischen und facettenreichen Stimme, was ich davor nie so empfunden habe. Das war ein unvergessliches und fantastisches Erlebnis.<\/p>\n<p>Kleibers &#8220;Traviata&#8221; deckt ein perfektes Klangspektrum ab, wobei die delikaten Stimmen von Ileana Cotrubas und Placido Domingo sehr feinaufl\u00f6send vermittelt werden und die klanglichen Eigenschaften der Bayerischen Staatsoper wortw\u00f6rtlich zu ersp\u00fcren sind. Die Nacht schien kein Ende zu nehmen, meine Begeisterung konnte sich kaum in Grenzen halten und ich erlebte auch die Aufnahmen von Sting, Gr\u00f6nemeyer und Gabriel auf einer ganz neuen musikalisch Ebene.<\/p>\n<p>Im folgenden Austausch mit Herrn Wall erfuhr ich weitere Einzelheiten \u00fcber die akribische Ausf\u00fchrung der <a href=\"https:\/\/www.wallaudio.de\/m-33-set\/\">M 33 SET<\/a>. Herr Wall legt wert auf jedes Detail, er achtet nicht nur auf die Ausarbeitung des Geh\u00e4uses, selbst die Schrauben bestehen aus antimagnetischen Materialien und die Qualit\u00e4t der Kupfer Innenverdrahtung ist nach den Milit\u00e4rstandards der Vereinigten Staaten von Amerika gefertigt. Die BIAS \u00dcberwachung der Leistungsr\u00f6hren entstammt eigenen Entwicklungen und verl\u00e4uft selbstverst\u00e4ndlich konzeptuell parallel zum Signalweg. Die Lautsprecher Ansteuerung erfolgt \u00fcber eigene \u00dcbertr\u00e4ger und entstammt seiner heimischen Werkstatt. Die Ansteuerung ist optimiert f\u00fcr Boxenimpendanzen von vier bis acht Ohm und die Verbindung zur Quelle l\u00e4sst sich per Cinch oder den symmetrischen Eingang steuern.<\/p>\n<p>Der fulminante Auftritt in einem halbdunklen H\u00f6rraum ist ein garantiertes und unvergessliches Erlebnis! Danke Herr Wall!<\/p>\n<p>Mit besten Empfehlung von Musik Therapeuten<br \/>\nAdam Drazek<\/p>\n","protected":false},"excerpt":{"rendered":"<p>M 33 SET mit Leistungsr\u00f6hren Triode 6C33C von Wall Audio Die High End Messe 2015 in M\u00fcnchen ist mir sehr lebhaft in Erinnerung geblieben. Vor allem das sympathische Team aus&#8230;<\/p>\n","protected":false},"author":1,"featured_media":1849,"comment_status":"closed","ping_status":"open","sticky":false,"template":"","format":"standard","meta":{"footnotes":""},"categories":[28],"tags":[],"class_list":["post-1891","post","type-post","status-publish","format-standard","has-post-thumbnail","hentry","category-news"],"yoast_head":"<!-- This site is optimized with the Yoast SEO plugin v27.4 - https:\/\/yoast.com\/product\/yoast-seo-wordpress\/ -->\n<title>Adam Drazek about the M 33 SET | Wall Audio Tube Technology<\/title>\n<meta name=\"robots\" content=\"index, follow, max-snippet:-1, max-image-preview:large, max-video-preview:-1\" \/>\n<link rel=\"canonical\" href=\"https:\/\/www.wallaudio.de\/en\/adam-drazek-about-the-m-33-set\/\" \/>\n<meta property=\"og:locale\" content=\"en_US\" \/>\n<meta property=\"og:type\" content=\"article\" \/>\n<meta property=\"og:title\" content=\"Adam Drazek about the M 33 SET | Wall Audio Tube Technology\" \/>\n<meta property=\"og:description\" content=\"M 33 SET mit Leistungsr\u00f6hren Triode 6C33C von Wall Audio Die High End Messe 2015 in M\u00fcnchen ist mir sehr lebhaft in Erinnerung geblieben. Vor allem das sympathische Team aus...\" \/>\n<meta property=\"og:url\" content=\"https:\/\/www.wallaudio.de\/en\/adam-drazek-about-the-m-33-set\/\" \/>\n<meta property=\"og:site_name\" content=\"Wall Audio Tube Technology\" \/>\n<meta property=\"article:published_time\" content=\"2016-07-18T10:04:04+00:00\" \/>\n<meta property=\"article:modified_time\" content=\"2016-07-18T17:17:32+00:00\" \/>\n<meta property=\"og:image\" content=\"https:\/\/www.wallaudio.de\/wp-content\/uploads\/2015\/05\/m33set3.jpg\" \/>\n\t<meta property=\"og:image:width\" content=\"1200\" \/>\n\t<meta property=\"og:image:height\" content=\"660\" \/>\n\t<meta property=\"og:image:type\" content=\"image\/jpeg\" \/>\n<meta name=\"author\" content=\"Andreas Wall\" \/>\n<meta name=\"twitter:label1\" content=\"Written by\" \/>\n\t<meta name=\"twitter:data1\" content=\"Andreas Wall\" \/>\n\t<meta name=\"twitter:label2\" content=\"Est. reading time\" \/>\n\t<meta name=\"twitter:data2\" content=\"2 minutes\" \/>\n<script type=\"application\/ld+json\" class=\"yoast-schema-graph\">{\"@context\":\"https:\\\/\\\/schema.org\",\"@graph\":[{\"@type\":\"Article\",\"@id\":\"https:\\\/\\\/www.wallaudio.de\\\/en\\\/adam-drazek-about-the-m-33-set\\\/#article\",\"isPartOf\":{\"@id\":\"https:\\\/\\\/www.wallaudio.de\\\/en\\\/adam-drazek-about-the-m-33-set\\\/\"},\"author\":{\"name\":\"Andreas Wall\",\"@id\":\"https:\\\/\\\/www.wallaudio.de\\\/en\\\/#\\\/schema\\\/person\\\/f5d03aeaa56ebb8e7d98370102617b04\"},\"headline\":\"Adam Drazek about the M 33 SET\",\"datePublished\":\"2016-07-18T10:04:04+00:00\",\"dateModified\":\"2016-07-18T17:17:32+00:00\",\"mainEntityOfPage\":{\"@id\":\"https:\\\/\\\/www.wallaudio.de\\\/en\\\/adam-drazek-about-the-m-33-set\\\/\"},\"wordCount\":415,\"publisher\":{\"@id\":\"https:\\\/\\\/www.wallaudio.de\\\/en\\\/#organization\"},\"image\":{\"@id\":\"https:\\\/\\\/www.wallaudio.de\\\/en\\\/adam-drazek-about-the-m-33-set\\\/#primaryimage\"},\"thumbnailUrl\":\"https:\\\/\\\/www.wallaudio.de\\\/wp-content\\\/uploads\\\/2015\\\/05\\\/m33set3.jpg\",\"articleSection\":[\"News\"],\"inLanguage\":\"en-US\"},{\"@type\":\"WebPage\",\"@id\":\"https:\\\/\\\/www.wallaudio.de\\\/en\\\/adam-drazek-about-the-m-33-set\\\/\",\"url\":\"https:\\\/\\\/www.wallaudio.de\\\/en\\\/adam-drazek-about-the-m-33-set\\\/\",\"name\":\"Adam Drazek about the M 33 SET | Wall Audio Tube Technology\",\"isPartOf\":{\"@id\":\"https:\\\/\\\/www.wallaudio.de\\\/en\\\/#website\"},\"primaryImageOfPage\":{\"@id\":\"https:\\\/\\\/www.wallaudio.de\\\/en\\\/adam-drazek-about-the-m-33-set\\\/#primaryimage\"},\"image\":{\"@id\":\"https:\\\/\\\/www.wallaudio.de\\\/en\\\/adam-drazek-about-the-m-33-set\\\/#primaryimage\"},\"thumbnailUrl\":\"https:\\\/\\\/www.wallaudio.de\\\/wp-content\\\/uploads\\\/2015\\\/05\\\/m33set3.jpg\",\"datePublished\":\"2016-07-18T10:04:04+00:00\",\"dateModified\":\"2016-07-18T17:17:32+00:00\",\"breadcrumb\":{\"@id\":\"https:\\\/\\\/www.wallaudio.de\\\/en\\\/adam-drazek-about-the-m-33-set\\\/#breadcrumb\"},\"inLanguage\":\"en-US\",\"potentialAction\":[{\"@type\":\"ReadAction\",\"target\":[\"https:\\\/\\\/www.wallaudio.de\\\/en\\\/adam-drazek-about-the-m-33-set\\\/\"]}]},{\"@type\":\"ImageObject\",\"inLanguage\":\"en-US\",\"@id\":\"https:\\\/\\\/www.wallaudio.de\\\/en\\\/adam-drazek-about-the-m-33-set\\\/#primaryimage\",\"url\":\"https:\\\/\\\/www.wallaudio.de\\\/wp-content\\\/uploads\\\/2015\\\/05\\\/m33set3.jpg\",\"contentUrl\":\"https:\\\/\\\/www.wallaudio.de\\\/wp-content\\\/uploads\\\/2015\\\/05\\\/m33set3.jpg\",\"width\":1200,\"height\":660,\"caption\":\"Wall Audio M 33 SET\"},{\"@type\":\"BreadcrumbList\",\"@id\":\"https:\\\/\\\/www.wallaudio.de\\\/en\\\/adam-drazek-about-the-m-33-set\\\/#breadcrumb\",\"itemListElement\":[{\"@type\":\"ListItem\",\"position\":1,\"name\":\"Home\",\"item\":\"https:\\\/\\\/www.wallaudio.de\\\/en\\\/\"},{\"@type\":\"ListItem\",\"position\":2,\"name\":\"Adam Drazek about the M 33 SET\"}]},{\"@type\":\"WebSite\",\"@id\":\"https:\\\/\\\/www.wallaudio.de\\\/en\\\/#website\",\"url\":\"https:\\\/\\\/www.wallaudio.de\\\/en\\\/\",\"name\":\"Wall Audio Tube Technology\",\"description\":\"\",\"publisher\":{\"@id\":\"https:\\\/\\\/www.wallaudio.de\\\/en\\\/#organization\"},\"potentialAction\":[{\"@type\":\"SearchAction\",\"target\":{\"@type\":\"EntryPoint\",\"urlTemplate\":\"https:\\\/\\\/www.wallaudio.de\\\/en\\\/?s={search_term_string}\"},\"query-input\":{\"@type\":\"PropertyValueSpecification\",\"valueRequired\":true,\"valueName\":\"search_term_string\"}}],\"inLanguage\":\"en-US\"},{\"@type\":\"Organization\",\"@id\":\"https:\\\/\\\/www.wallaudio.de\\\/en\\\/#organization\",\"name\":\"Wall Audio Tube Technology\",\"url\":\"https:\\\/\\\/www.wallaudio.de\\\/en\\\/\",\"logo\":{\"@type\":\"ImageObject\",\"inLanguage\":\"en-US\",\"@id\":\"https:\\\/\\\/www.wallaudio.de\\\/en\\\/#\\\/schema\\\/logo\\\/image\\\/\",\"url\":\"https:\\\/\\\/www.wallaudio.de\\\/wp-content\\\/uploads\\\/2014\\\/06\\\/logo@2x.png\",\"contentUrl\":\"https:\\\/\\\/www.wallaudio.de\\\/wp-content\\\/uploads\\\/2014\\\/06\\\/logo@2x.png\",\"width\":476,\"height\":240,\"caption\":\"Wall Audio Tube Technology\"},\"image\":{\"@id\":\"https:\\\/\\\/www.wallaudio.de\\\/en\\\/#\\\/schema\\\/logo\\\/image\\\/\"}},{\"@type\":\"Person\",\"@id\":\"https:\\\/\\\/www.wallaudio.de\\\/en\\\/#\\\/schema\\\/person\\\/f5d03aeaa56ebb8e7d98370102617b04\",\"name\":\"Andreas Wall\",\"image\":{\"@type\":\"ImageObject\",\"inLanguage\":\"en-US\",\"@id\":\"https:\\\/\\\/secure.gravatar.com\\\/avatar\\\/d9a961fcd01c58817bdbda0620b8e9ff09ff3179a8a4d6cc1c4fe66bcf31eeca?s=96&d=mm&r=g\",\"url\":\"https:\\\/\\\/secure.gravatar.com\\\/avatar\\\/d9a961fcd01c58817bdbda0620b8e9ff09ff3179a8a4d6cc1c4fe66bcf31eeca?s=96&d=mm&r=g\",\"contentUrl\":\"https:\\\/\\\/secure.gravatar.com\\\/avatar\\\/d9a961fcd01c58817bdbda0620b8e9ff09ff3179a8a4d6cc1c4fe66bcf31eeca?s=96&d=mm&r=g\",\"caption\":\"Andreas Wall\"}}]}<\/script>\n<!-- \/ Yoast SEO plugin. -->","yoast_head_json":{"title":"Adam Drazek about the M 33 SET | Wall Audio Tube Technology","robots":{"index":"index","follow":"follow","max-snippet":"max-snippet:-1","max-image-preview":"max-image-preview:large","max-video-preview":"max-video-preview:-1"},"canonical":"https:\/\/www.wallaudio.de\/en\/adam-drazek-about-the-m-33-set\/","og_locale":"en_US","og_type":"article","og_title":"Adam Drazek about the M 33 SET | Wall Audio Tube Technology","og_description":"M 33 SET mit Leistungsr\u00f6hren Triode 6C33C von Wall Audio Die High End Messe 2015 in M\u00fcnchen ist mir sehr lebhaft in Erinnerung geblieben. Vor allem das sympathische Team aus...","og_url":"https:\/\/www.wallaudio.de\/en\/adam-drazek-about-the-m-33-set\/","og_site_name":"Wall Audio Tube Technology","article_published_time":"2016-07-18T10:04:04+00:00","article_modified_time":"2016-07-18T17:17:32+00:00","og_image":[{"width":1200,"height":660,"url":"https:\/\/www.wallaudio.de\/wp-content\/uploads\/2015\/05\/m33set3.jpg","type":"image\/jpeg"}],"author":"Andreas Wall","twitter_misc":{"Written by":"Andreas Wall","Est. reading time":"2 minutes"},"schema":{"@context":"https:\/\/schema.org","@graph":[{"@type":"Article","@id":"https:\/\/www.wallaudio.de\/en\/adam-drazek-about-the-m-33-set\/#article","isPartOf":{"@id":"https:\/\/www.wallaudio.de\/en\/adam-drazek-about-the-m-33-set\/"},"author":{"name":"Andreas Wall","@id":"https:\/\/www.wallaudio.de\/en\/#\/schema\/person\/f5d03aeaa56ebb8e7d98370102617b04"},"headline":"Adam Drazek about the M 33 SET","datePublished":"2016-07-18T10:04:04+00:00","dateModified":"2016-07-18T17:17:32+00:00","mainEntityOfPage":{"@id":"https:\/\/www.wallaudio.de\/en\/adam-drazek-about-the-m-33-set\/"},"wordCount":415,"publisher":{"@id":"https:\/\/www.wallaudio.de\/en\/#organization"},"image":{"@id":"https:\/\/www.wallaudio.de\/en\/adam-drazek-about-the-m-33-set\/#primaryimage"},"thumbnailUrl":"https:\/\/www.wallaudio.de\/wp-content\/uploads\/2015\/05\/m33set3.jpg","articleSection":["News"],"inLanguage":"en-US"},{"@type":"WebPage","@id":"https:\/\/www.wallaudio.de\/en\/adam-drazek-about-the-m-33-set\/","url":"https:\/\/www.wallaudio.de\/en\/adam-drazek-about-the-m-33-set\/","name":"Adam Drazek about the M 33 SET | Wall Audio Tube Technology","isPartOf":{"@id":"https:\/\/www.wallaudio.de\/en\/#website"},"primaryImageOfPage":{"@id":"https:\/\/www.wallaudio.de\/en\/adam-drazek-about-the-m-33-set\/#primaryimage"},"image":{"@id":"https:\/\/www.wallaudio.de\/en\/adam-drazek-about-the-m-33-set\/#primaryimage"},"thumbnailUrl":"https:\/\/www.wallaudio.de\/wp-content\/uploads\/2015\/05\/m33set3.jpg","datePublished":"2016-07-18T10:04:04+00:00","dateModified":"2016-07-18T17:17:32+00:00","breadcrumb":{"@id":"https:\/\/www.wallaudio.de\/en\/adam-drazek-about-the-m-33-set\/#breadcrumb"},"inLanguage":"en-US","potentialAction":[{"@type":"ReadAction","target":["https:\/\/www.wallaudio.de\/en\/adam-drazek-about-the-m-33-set\/"]}]},{"@type":"ImageObject","inLanguage":"en-US","@id":"https:\/\/www.wallaudio.de\/en\/adam-drazek-about-the-m-33-set\/#primaryimage","url":"https:\/\/www.wallaudio.de\/wp-content\/uploads\/2015\/05\/m33set3.jpg","contentUrl":"https:\/\/www.wallaudio.de\/wp-content\/uploads\/2015\/05\/m33set3.jpg","width":1200,"height":660,"caption":"Wall Audio M 33 SET"},{"@type":"BreadcrumbList","@id":"https:\/\/www.wallaudio.de\/en\/adam-drazek-about-the-m-33-set\/#breadcrumb","itemListElement":[{"@type":"ListItem","position":1,"name":"Home","item":"https:\/\/www.wallaudio.de\/en\/"},{"@type":"ListItem","position":2,"name":"Adam Drazek about the M 33 SET"}]},{"@type":"WebSite","@id":"https:\/\/www.wallaudio.de\/en\/#website","url":"https:\/\/www.wallaudio.de\/en\/","name":"Wall Audio Tube Technology","description":"","publisher":{"@id":"https:\/\/www.wallaudio.de\/en\/#organization"},"potentialAction":[{"@type":"SearchAction","target":{"@type":"EntryPoint","urlTemplate":"https:\/\/www.wallaudio.de\/en\/?s={search_term_string}"},"query-input":{"@type":"PropertyValueSpecification","valueRequired":true,"valueName":"search_term_string"}}],"inLanguage":"en-US"},{"@type":"Organization","@id":"https:\/\/www.wallaudio.de\/en\/#organization","name":"Wall Audio Tube Technology","url":"https:\/\/www.wallaudio.de\/en\/","logo":{"@type":"ImageObject","inLanguage":"en-US","@id":"https:\/\/www.wallaudio.de\/en\/#\/schema\/logo\/image\/","url":"https:\/\/www.wallaudio.de\/wp-content\/uploads\/2014\/06\/logo@2x.png","contentUrl":"https:\/\/www.wallaudio.de\/wp-content\/uploads\/2014\/06\/logo@2x.png","width":476,"height":240,"caption":"Wall Audio Tube Technology"},"image":{"@id":"https:\/\/www.wallaudio.de\/en\/#\/schema\/logo\/image\/"}},{"@type":"Person","@id":"https:\/\/www.wallaudio.de\/en\/#\/schema\/person\/f5d03aeaa56ebb8e7d98370102617b04","name":"Andreas Wall","image":{"@type":"ImageObject","inLanguage":"en-US","@id":"https:\/\/secure.gravatar.com\/avatar\/d9a961fcd01c58817bdbda0620b8e9ff09ff3179a8a4d6cc1c4fe66bcf31eeca?s=96&d=mm&r=g","url":"https:\/\/secure.gravatar.com\/avatar\/d9a961fcd01c58817bdbda0620b8e9ff09ff3179a8a4d6cc1c4fe66bcf31eeca?s=96&d=mm&r=g","contentUrl":"https:\/\/secure.gravatar.com\/avatar\/d9a961fcd01c58817bdbda0620b8e9ff09ff3179a8a4d6cc1c4fe66bcf31eeca?s=96&d=mm&r=g","caption":"Andreas Wall"}}]}},"_links":{"self":[{"href":"https:\/\/www.wallaudio.de\/en\/wp-json\/wp\/v2\/posts\/1891","targetHints":{"allow":["GET"]}}],"collection":[{"href":"https:\/\/www.wallaudio.de\/en\/wp-json\/wp\/v2\/posts"}],"about":[{"href":"https:\/\/www.wallaudio.de\/en\/wp-json\/wp\/v2\/types\/post"}],"author":[{"embeddable":true,"href":"https:\/\/www.wallaudio.de\/en\/wp-json\/wp\/v2\/users\/1"}],"replies":[{"embeddable":true,"href":"https:\/\/www.wallaudio.de\/en\/wp-json\/wp\/v2\/comments?post=1891"}],"version-history":[{"count":0,"href":"https:\/\/www.wallaudio.de\/en\/wp-json\/wp\/v2\/posts\/1891\/revisions"}],"wp:featuredmedia":[{"embeddable":true,"href":"https:\/\/www.wallaudio.de\/en\/wp-json\/wp\/v2\/media\/1849"}],"wp:attachment":[{"href":"https:\/\/www.wallaudio.de\/en\/wp-json\/wp\/v2\/media?parent=1891"}],"wp:term":[{"taxonomy":"category","embeddable":true,"href":"https:\/\/www.wallaudio.de\/en\/wp-json\/wp\/v2\/categories?post=1891"},{"taxonomy":"post_tag","embeddable":true,"href":"https:\/\/www.wallaudio.de\/en\/wp-json\/wp\/v2\/tags?post=1891"}],"curies":[{"name":"wp","href":"https:\/\/api.w.org\/{rel}","templated":true}]}}